{"id":86645,"date":"2023-08-18T22:06:36","date_gmt":"2023-08-18T20:06:36","guid":{"rendered":"https:\/\/atiyachts.com\/3-visitas-culturales-al-aire-libre-para-descubrir-en-la-costa-azul\/"},"modified":"2023-08-18T22:06:36","modified_gmt":"2023-08-18T20:06:36","slug":"3-visitas-culturales-al-aire-libre-para-descubrir-en-la-costa-azul","status":"publish","type":"post","link":"https:\/\/atiyachts.com\/es\/3-visitas-culturales-al-aire-libre-para-descubrir-en-la-costa-azul\/","title":{"rendered":"3 visitas culturales al aire libre para descubrir en la Costa Azul"},"content":{"rendered":"<h2>En el coraz\u00f3n de un archipi\u00e9lago excepcional, el arte contempor\u00e1neo ocupa un lugar de honor en la Fundaci\u00f3n Carmignac de Porquerolles.<\/h2>\n<p>En esta aut\u00e9ntica granja provenzal, el empresario y amante del arte Edouard Carmignac decidi\u00f3 reunir sus colecciones de arte moderno.<strong>. <a href=\"https:\/\/www.fondationcarmignac.com\/fr\/\">La Villa Carmignac<\/a><\/strong>inaugurado en junio de 2018, est\u00e1 formado por 2.000 m\u00b2 de espacios expositivos subterr\u00e1neos y se extiende por 15 hect\u00e1reas de jardines donde las creaciones art\u00edsticas se funden y armonizan con el entorno natural del Parque Nacional de Port-Cros.<\/p>\n<p><img decoding=\"async\" class=\"alignnone wp-image-73685 \" src=\"https:\/\/atiyachts.com\/wp-content\/uploads\/2023\/05\/Capture-decran-2023-05-26-a-21.23.52.png\" alt=\"\" width=\"804\" height=\"473\"><\/p>\n<p>Durante el d\u00eda, la Fundaci\u00f3n Carmignac se transforma para acoger prestigiosos eventos al caer la noche. Perm\u00edtase un momento para sentir y absorber las emociones durante un cine al aire libre o una de las veladas del festival de jazz de Porquerolles, y despu\u00e9s regrese a su yate. Si ha aterrizado en Porquerolles en helic\u00f3ptero, puede visitar Mas du Langoustier despu\u00e9s de un d\u00eda sin tiempo. Con un hallazgo tan grande y una emoci\u00f3n tan intensa, promete ser una velada exquisita.<\/p>\n<p><em>En la pr\u00e1ctica, la Villa Carmignac puede visitarse de abril a octubre, de martes a domingo, de 10:00 a 18:00 y los jueves hasta las 21:00.  <\/em><\/p>\n<h2>Una variante de Saint-Paul-de-Vence: la Fundaci\u00f3n Maeght<\/h2>\n<p>Fruto de la relaci\u00f3n y complicidad entre los representantes art\u00edsticos Marguerite y Aim\u00e9 Maeght y destacadas figuras del arte, la <a href=\"https:\/\/www.fondation-maeght.com\/?lang=fr\"><br \/>\n  <strong>Fundaci\u00f3n Maeght<\/strong><br \/>\n<\/a> naci\u00f3. Una vez m\u00e1s, las creaciones se magnifican tanto en el interior como en el exterior, gracias a la claridad azulada tan codiciada por los artistas de renombre. La Fundaci\u00f3n Maeght, fundada en 1964, es conocida en todo el mundo por las exposiciones que presenta.<\/p>\n<p><img decoding=\"async\" class=\"alignnone wp-image-73687 \" src=\"https:\/\/atiyachts.com\/wp-content\/uploads\/2023\/05\/Capture-decran-2023-05-26-a-21.28.07.png\" alt=\"\" width=\"795\" height=\"468\"><\/p>\n<p>Puede organizar una visita privada o una recepci\u00f3n para empaparse de toda la riqueza de este lugar m\u00e1gico. Podr\u00e1s deslumbrar f\u00e1cilmente a entre 20 y 450 invitados.<br \/>\nUna diversi\u00f3n obligada para los amantes del arte que visitan la Costa Azul. Para llegar, alquile un coche de lujo en Excellence. Este legendario lugar es la excusa perfecta para un viaje en descapotable o supercoche. La Fundaci\u00f3n Maeght y Saint-Paul-de-Vence est\u00e1n a menos de una hora en coche de Cannes y M\u00f3naco. Si se aloja en Saint-Tropez, tome un helic\u00f3ptero hasta el aeropuerto de Niza y un ch\u00f3fer le llevar\u00e1 a su destino.<\/p>\n<p><em>En la pr\u00e1ctica, la Fundaci\u00f3n Maeght est\u00e1 abierta todo el a\u00f1o, todos los d\u00edas de 10.00 a 19.00 horas en julio y agosto y de 10.00 a 18.00 horas el resto del a\u00f1o.  <\/em><\/p>\n<h2>Sum\u00e9rjase en la Belle \u00c9poque de la Costa Azul con una visita a la Villa Ephrussi de Rothschild.<\/h2>\n<p> <a href=\"https:\/\/nicesecret.co\/les-secrets-de-la-villa-ephrussi-de-rothschild\/\"> Villa Ephrussi de Rothschild<\/a> fue construida en 1912 por la famosa baronesa del mismo nombre, y esta espl\u00e9ndida residencia renacentista italiana es uno de los lugares m\u00e1s rom\u00e1nticos de la regi\u00f3n. Convertida en museo, la villa vive en armon\u00eda con sus nueve encantadores jardines, perfectos para un viaje en el tiempo y disfrutar con su pareja o familia de una tarde o noche.<\/p>\n<p>El lugar rebosa de rincones \u00edntimos que contribuyen a su magia, como los quioscos, las p\u00e9rgolas, los estanques y las cascadas que componen este entorno encantador y ligeramente nost\u00e1lgico, que le confieren un encanto atemporal.<\/p>\n<p><img decoding=\"async\" class=\"alignnone wp-image-73689 \" src=\"https:\/\/atiyachts.com\/wp-content\/uploads\/2023\/05\/Capture-decran-2023-05-26-a-21.34.26.png\" alt=\"\" width=\"768\" height=\"471\"><\/p>\n<p>Mejor a\u00fan, disfrute de una experiencia excepcional <strong>almorzando sobre la hierba<\/strong> del jard\u00edn franc\u00e9s. Este picnic de alta gama le encantar\u00e1 y le sumergir\u00e1 en el arte de vivir franc\u00e9s de anta\u00f1o. Y no olvidemos las veladas de los lunes y martes de julio y agosto, cuando los jardines brillan bajo cientos de velas colocadas a lo largo de los senderos y estanques del Jardin \u00e0 la fran\u00e7aise, magnificando el entorno con m\u00fasica, conciertos, ballets de dos bailarines del Ballet de Niza, fuentes centelleantes, un bar de champ\u00e1n y comidas bajo el signo del amor. En definitiva, un interludio encantado para una estancia inolvidable en la <em>Costa<\/em> Azul.<\/p>\n<p><em>Pero \u00bfcu\u00e1ndo es el mejor momento para visitar esta joya? La villa est\u00e1 abierta 365 d\u00edas al a\u00f1o, con el siguiente horario de apertura:<br \/>\nDel 1 de febrero al 31 de octubre: de 10.00 a 18.00 horas y hasta las 19.00 horas en julio y agosto.  <\/em><br \/>\n<em>De noviembre a enero inclusive: laborables de 14.00 a 18.00 horas, y fines de semana y vacaciones escolares de 10.00 a 18.00 horas.  <\/em><\/p>\n","protected":false},"excerpt":{"rendered":"<p>En el coraz\u00f3n de un archipi\u00e9lago excepcional, el arte contempor\u00e1neo ocupa un lugar de honor en la Fundaci\u00f3n Carmignac de Porquerolles. En esta aut\u00e9ntica granja provenzal, el empresario y amante del arte Edouard Carmignac decidi\u00f3 reunir sus colecciones de arte moderno.. La Villa Carmignacinaugurado en junio de 2018, est\u00e1 formado por 2.000 m\u00b2 de espacios [&hellip;]<\/p>\n","protected":false},"author":1,"featured_media":99874,"comment_status":"open","ping_status":"open","sticky":false,"template":"","format":"standard","meta":{"_acf_changed":false,"_seopress_robots_primary_cat":"none","_seopress_titles_title":"","_seopress_titles_desc":"","_seopress_robots_index":"","_et_pb_use_builder":"","_et_pb_old_content":"","_et_gb_content_width":"","footnotes":""},"categories":[53,45],"tags":[],"class_list":["post-86645","post","type-post","status-publish","format-standard","has-post-thumbnail","hentry","category-experiencias","category-sin-categorizar"],"acf":[],"_links":{"self":[{"href":"https:\/\/atiyachts.com\/es\/wp-json\/wp\/v2\/posts\/86645","targetHints":{"allow":["GET"]}}],"collection":[{"href":"https:\/\/atiyachts.com\/es\/wp-json\/wp\/v2\/posts"}],"about":[{"href":"https:\/\/atiyachts.com\/es\/wp-json\/wp\/v2\/types\/post"}],"author":[{"embeddable":true,"href":"https:\/\/atiyachts.com\/es\/wp-json\/wp\/v2\/users\/1"}],"replies":[{"embeddable":true,"href":"https:\/\/atiyachts.com\/es\/wp-json\/wp\/v2\/comments?post=86645"}],"version-history":[{"count":0,"href":"https:\/\/atiyachts.com\/es\/wp-json\/wp\/v2\/posts\/86645\/revisions"}],"wp:featuredmedia":[{"embeddable":true,"href":"https:\/\/atiyachts.com\/es\/wp-json\/wp\/v2\/media\/99874"}],"wp:attachment":[{"href":"https:\/\/atiyachts.com\/es\/wp-json\/wp\/v2\/media?parent=86645"}],"wp:term":[{"taxonomy":"category","embeddable":true,"href":"https:\/\/atiyachts.com\/es\/wp-json\/wp\/v2\/categories?post=86645"},{"taxonomy":"post_tag","embeddable":true,"href":"https:\/\/atiyachts.com\/es\/wp-json\/wp\/v2\/tags?post=86645"}],"curies":[{"name":"wp","href":"https:\/\/api.w.org\/{rel}","templated":true}]}}